{"id":2206,"date":"2011-06-23T14:14:05","date_gmt":"2011-06-23T14:14:05","guid":{"rendered":"http:\/\/comfluencia.com\/?p=2206"},"modified":"2020-10-30T10:42:45","modified_gmt":"2020-10-30T08:42:45","slug":"quan-la-signatura-ambiental-es-carrega-el-medi-ambient","status":"publish","type":"post","link":"https:\/\/op-team.com\/blog\/quan-la-signatura-ambiental-es-carrega-el-medi-ambient\/","title":{"rendered":"Quan la signatura ambiental es carrega el medi ambient"},"content":{"rendered":"<p><img decoding=\"async\" loading=\"lazy\" class=\"alignright size-full wp-image-2209\" title=\"Li cal imprimir...\" src=\"https:\/\/web2020.opteam.antaviana.net\/blog\/wp-content\/uploads\/2011\/06\/Li-cal-imprimir....jpg\" alt=\"\" width=\"302\" height=\"278\" \/>&#8220;M\u00e9s dels 50% de les p\u00e0gines impreses no s&#8217;utilitzen mai, pensa quants cops una <em>p\u00e0gina 2 de 2<\/em> surt pr\u00e0cticament blanca quan imprimeixes un e-mail o document&#8221;, comenten al web de la ja cl\u00e0ssica campanya <a href=\"http:\/\/www.thinkbeforeprinting.org\" target=\"_blank\" rel=\"noopener noreferrer\">Think before printing,<\/a> que promou us \u00fas m\u00e9s racional del paper.<\/p>\n<p>Per\u00f2, <strong>quantes vegades no heu impr\u00e8s una segona p\u00e0gina in\u00fatil precisament a causa del peu d&#8217;un e-mail que contenia una frase com <em>Pensa primer abans d&#8217;imprimir, protegim el medi ambient<\/em> <\/strong>i una il\u00b7lustraci\u00f3 <em>verda<\/em> que, per molt poc, suma un full adicional al document?<\/p>\n<p>En realitat, tamb\u00e9 haur\u00edem de pensaren el format\/dimensions de la signatura ambientalista que incloem als nostres correus abans de configurar-la?<br \/>\nO \u00e9s aquest un tema agafat pels p\u00e8ls? S\u00ed, no s\u00f3n les signatures pro medi ambient les que estan acabant amb la selva amaz\u00f2nica. Certament, tindrien m\u00e9s quota de culpa\u00a0els textos legals que culminen els missatges de cada cop m\u00e9s organitzacions&#8230;<\/p>\n<p>Per\u00f2 el problema de les signatures verdes que molesten (especifiquem una mica, no les fussil\u00b7lem ara totes) em sembla, en tot cas, paradigm\u00e0tic. Hi ha tantes accions en el fons incoherents, actuacions que a la pr\u00e0ctica es neguen elles mateixes i contribueixen a l&#8217;opini\u00f3, tan estesa, que la Comunicaci\u00f3 \u00e9s quelcom superflu o que es fa perqu\u00e8 si, o nom\u00e8s per quedar b\u00e9&#8230; No, diguem que aix\u00f2 \u00e9s Comunicaci\u00f3 fracassada, que no val.<br \/>\nI b\u00e9, encara que segurament ning\u00fa no tingui la intenci\u00f3, per si hi hagu\u00e8s algun cas, potser millor pensar-hi abans d&#8217;imprimir aquest post.<\/p>\n","protected":false},"excerpt":{"rendered":"<p>&#8220;M\u00e9s dels 50% de les p\u00e0gines impreses no s&#8217;utilitzen mai, pensa quants cops una p\u00e0gina 2 de 2 surt pr\u00e0cticament blanca quan imprimeixes un e-mail o document&#8221;, comenten al web de la ja cl\u00e0ssica campanya Think before printing, que promou us \u00fas m\u00e9s racional del paper. Per\u00f2, quantes vegades no heu impr\u00e8s una segona p\u00e0gina &hellip; <\/p>\n<p class=\"link-more\"><a href=\"https:\/\/op-team.com\/blog\/quan-la-signatura-ambiental-es-carrega-el-medi-ambient\/\" class=\"more-link\">Continua llegint <span class=\"screen-reader-text\">\u00abQuan la signatura ambiental es carrega el medi ambient\u00bb<\/span><\/a><\/p>\n","protected":false},"author":3,"featured_media":2209,"comment_status":"open","ping_status":"open","sticky":false,"template":"","format":"standard","meta":[],"categories":[7],"tags":[156,211,222],"_links":{"self":[{"href":"https:\/\/op-team.com\/blog\/wp-json\/wp\/v2\/posts\/2206"}],"collection":[{"href":"https:\/\/op-team.com\/blog\/wp-json\/wp\/v2\/posts"}],"about":[{"href":"https:\/\/op-team.com\/blog\/wp-json\/wp\/v2\/types\/post"}],"author":[{"embeddable":true,"href":"https:\/\/op-team.com\/blog\/wp-json\/wp\/v2\/users\/3"}],"replies":[{"embeddable":true,"href":"https:\/\/op-team.com\/blog\/wp-json\/wp\/v2\/comments?post=2206"}],"version-history":[{"count":2,"href":"https:\/\/op-team.com\/blog\/wp-json\/wp\/v2\/posts\/2206\/revisions"}],"predecessor-version":[{"id":8097,"href":"https:\/\/op-team.com\/blog\/wp-json\/wp\/v2\/posts\/2206\/revisions\/8097"}],"wp:featuredmedia":[{"embeddable":true,"href":"https:\/\/op-team.com\/blog\/wp-json\/wp\/v2\/media\/2209"}],"wp:attachment":[{"href":"https:\/\/op-team.com\/blog\/wp-json\/wp\/v2\/media?parent=2206"}],"wp:term":[{"taxonomy":"category","embeddable":true,"href":"https:\/\/op-team.com\/blog\/wp-json\/wp\/v2\/categories?post=2206"},{"taxonomy":"post_tag","embeddable":true,"href":"https:\/\/op-team.com\/blog\/wp-json\/wp\/v2\/tags?post=2206"}],"curies":[{"name":"wp","href":"https:\/\/api.w.org\/{rel}","templated":true}]}}