{"id":9861,"date":"2026-04-27T11:33:45","date_gmt":"2026-04-27T09:33:45","guid":{"rendered":"https:\/\/op-team.com\/blog\/?p=9861"},"modified":"2026-04-27T11:50:52","modified_gmt":"2026-04-27T09:50:52","slug":"entrevista_elisenda_vallejo","status":"publish","type":"post","link":"https:\/\/op-team.com\/blog\/entrevista_elisenda_vallejo\/","title":{"rendered":"Elisenda Vallejo: &#8220;El paper dels periodistes \u00e9s el d\u2019aportar fiabilitat i an\u00e0lisi en profunditat&#8221;"},"content":{"rendered":"<p><strong>Elisenda Vallejo<\/strong> \u00e9s una professional de refer\u00e8ncia en l&#8217;an\u00e0lisi de l&#8217;actualitat financera i empresarial a Catalunya i Espanya. Des de la seva posici\u00f3 com a redactora en cap d&#8217;Economia a <a href=\"https:\/\/www.lavanguardia.com\/\" target=\"_blank\" rel=\"noopener\">La Vanguardia <\/a>\u00a0s&#8217;ha consolidat com una font de coneixement rellevant sobre el teixit econ\u00f2mic del pa\u00eds i, alhora, ha esdevingut una interlocutora anhelada de pol\u00edtics i empresaris que pretenen obtenir el millor dels tractes d&#8217;aquest influent diari. Periodista amb una llarga carrera, ha estat guardonada amb el Premi Sard\u00e0 Dexeus 2025, atorgat pel Col\u00b7legi d&#8217;Economistes de Catalunya, en reconeixement a la seva traject\u00f2ria en la difusi\u00f3 de la informaci\u00f3 econ\u00f2mica.<\/p>\n<p><!--more--><\/p>\n<p><strong>Periodista de formaci\u00f3 i amb una llarga i exitosa traject\u00f2ria professional. Quina \u00e9s la recompensa personal que obtens de l\u2019exercici d\u2019aquesta professi\u00f3?<\/strong><br \/>\n\u00c9s una feina vibrant, on no t\u2019avorreixes mai, perfecte per la gent a la que ens mou la curiositat universal. <strong>Manuel Ib\u00e1\u00f1ez Escofet<\/strong>, a qui vaig tenir el privilegi de con\u00e8ixer al comen\u00e7ament de la meva carrera com a subdirector aleshores de <em>La Vanguardia<\/em>, m\u2019ho deia:<em><strong> \u201cper ser bon periodista nom\u00e9s cal tenir curiositat universal, ganes de saber, i despr\u00e9s ganes d\u2019explicar-ho\u201d<\/strong><\/em>. Aix\u00f2 va a car\u00e0cters, per\u00f2 crec que jo no sabria treballar en una feina on cada dia fos el mateix.<\/p>\n<p><strong>Podries afirmar que fer de periodista tamb\u00e9 \u00e9s un enriquiment personal? <\/strong><br \/>\nS\u00ed, per a mi ho \u00e9s. \u00c9s una feina molt engrescadora i que, tot i que t&#8217;exigeix una gran implicaci\u00f3 -et demana hores, et demana posar-hi ganes- et permet con\u00e8ixer gent molt interessant, gent de primer nivell i d\u2019\u00e0mbits molt diferents. A mi m\u2019ha perm\u00e8s tamb\u00e9 viatjar for\u00e7a.<\/p>\n<p><strong>La revoluci\u00f3 tecnol\u00f2gica de les darreres d\u00e8cades, en qu\u00e8 ha afectat a l\u2019exercici i pr\u00e0ctica de la professi\u00f3 period\u00edstica? <\/strong><br \/>\nB\u00e0sicament ajuda, ajuda molt\u00edssim, per\u00f2 tamb\u00e9 ha canviat els tempos. L&#8217;arribada d&#8217;internet va suposar un canvi radical en la manera de treballar. Tot \u00e9s m\u00e9s r\u00e0pid i m\u00e9s f\u00e0cil ara. La contrapartida \u00e9s que aix\u00f2 tamb\u00e9 ha comportat una dedicaci\u00f3 m\u00e9s extrema, estem sempre connectats. I hi ha tanta informaci\u00f3 que gran part de la feina \u00e9s destriar qu\u00e8 \u00e9s fiable i qu\u00e8 no. La compet\u00e8ncia entre mitjans es viu al minut, i no d\u2019un dia per l\u2019altre com abans. Aix\u00f2 t\u2019obliga a estar pendent de la informaci\u00f3 cont\u00ednuament. Evidentment, l\u2019objectiu \u00e9s el mateix: lluitar per tenir les not\u00edcies abans que ning\u00fa i explicar les coses donant el m\u00e0xim d\u2019an\u00e0lisi. Per\u00f2 ara la cursa \u00e9s cont\u00ednua. I la IA tamb\u00e9 canviar\u00e0 les coses, encara hem de veure com. Des del meu punt de vista, pot ser una bona eina de suport, per\u00f2 no pot substituir la feina del periodista. Les not\u00edcies s\u2019aconsegueixen perseguint les fonts i parlant amb molta gent, guanyant-te la confian\u00e7a de qui te la informaci\u00f3. No veig una m\u00e0quina fent aix\u00f2.<\/p>\n<p><strong><img decoding=\"async\" loading=\"lazy\" class=\"alignleft wp-image-9865\" src=\"http:\/\/op-team.com\/blog\/wp-content\/uploads\/2026\/04\/Elisenda-Vallejo-2-300x225.jpg\" alt=\"\" width=\"366\" height=\"275\" srcset=\"https:\/\/op-team.com\/blog\/wp-content\/uploads\/2026\/04\/Elisenda-Vallejo-2-300x225.jpg 300w, https:\/\/op-team.com\/blog\/wp-content\/uploads\/2026\/04\/Elisenda-Vallejo-2-1024x768.jpg 1024w, https:\/\/op-team.com\/blog\/wp-content\/uploads\/2026\/04\/Elisenda-Vallejo-2-768x576.jpg 768w, https:\/\/op-team.com\/blog\/wp-content\/uploads\/2026\/04\/Elisenda-Vallejo-2-1536x1152.jpg 1536w, https:\/\/op-team.com\/blog\/wp-content\/uploads\/2026\/04\/Elisenda-Vallejo-2-2048x1536.jpg 2048w\" sizes=\"(max-width: 366px) 100vw, 366px\" \/>Ets directiva del diari m\u00e9s llegit a Catalunya. Quin \u00e9s el paper dels mitjans de comunicaci\u00f3 tradicionals, basats en la premsa escrita, en un m\u00f3n dominat per la immediatesa de les xarxes socials i la profusi\u00f3 d\u2019informacions que circulen per tot arreu?<\/strong><br \/>\nTinc clar que el nostre paper \u00e9s el d\u2019aportar fiabilitat i an\u00e0lisi en profunditat.<\/p>\n<p><strong>La gran majoria dels representants del teixit econ\u00f2mic i empresarial es deleix per sortir a <em>La Vanguardia<\/em>. Quin criteri seguiu per donar veu a uns i no a uns altres?<\/strong><br \/>\nEl criteri sempre \u00e9s la import\u00e0ncia de la not\u00edcia i l\u2019inter\u00e8s pels nostres lectors. I s\u2019intenta donar veu a tothom.<\/p>\n<p><strong>Des de la teva experi\u00e8ncia a la banda dels mitjans, quins s\u00f3n els elements essencials d\u2019una bona comunicaci\u00f3 corporativa \/ empresarial?<\/strong><br \/>\nPer nosaltres, l\u2019essencial \u00e9s garantir una bona comunicaci\u00f3 amb les empreses, una relaci\u00f3 honesta i oberta. No sempre \u00e9s aix\u00ed, moltes empreses encara mostren una gran desconfian\u00e7a amb els mitjans. Des del meu punt de vista, \u00e9s un plantejament totalment erroni. Haurien de estar m\u00e9s presents en el mitjans i en el debat p\u00fablic, perqu\u00e8 el seu enfoc de les coses ens interessa a tots.<\/p>\n<p><strong>D\u2019aqu\u00ed a 10 anys, com s\u2019informaran la societat i els ciutadans, a trav\u00e9s de quins canals i de quina manera? Els diaris seguiran existint?<\/strong><br \/>\nJo crec que s\u00ed, seguir\u00e0 sent necessari el paper dels diaris de destapar la veritat, ordenar la informaci\u00f3 destriant el que \u00e9s fiable del que no, interpretar les not\u00edcies, analitzar-les, explicar be la realitat.<\/p>\n<p><strong>Has estat multipremiada per la teva labor professional. Per\u00f2 si calgu\u00e9s redactar un perfil professional teu, qu\u00e8 t\u2019agradaria que fos destacat?<\/strong><br \/>\n<em>La Vanguardia<\/em> ha estat casa meva durant la major part de la meva carrera. I he tingut el privilegi de treballar a diferents seccions, des de Disseny a Societat i Internacional, i a Economia en dues etapes diferents. Crec que aix\u00f2 m\u2019ha donat una visi\u00f3 global de la feina i de la realitat period\u00edstica que m\u2019ajuda a l\u2019hora d\u2019interpretar les coses.<\/p>\n","protected":false},"excerpt":{"rendered":"<p>Elisenda Vallejo \u00e9s una professional de refer\u00e8ncia en l&#8217;an\u00e0lisi de l&#8217;actualitat financera i empresarial a Catalunya i Espanya. Des de la seva posici\u00f3 com a redactora en cap d&#8217;Economia a La Vanguardia \u00a0s&#8217;ha consolidat com una font de coneixement rellevant sobre el teixit econ\u00f2mic del pa\u00eds i, alhora, ha esdevingut una interlocutora anhelada de pol\u00edtics &hellip; <\/p>\n<p class=\"link-more\"><a href=\"https:\/\/op-team.com\/blog\/entrevista_elisenda_vallejo\/\" class=\"more-link\">Continua llegint <span class=\"screen-reader-text\">\u00abElisenda Vallejo: &#8220;El paper dels periodistes \u00e9s el d\u2019aportar fiabilitat i an\u00e0lisi en profunditat&#8221;\u00bb<\/span><\/a><\/p>\n","protected":false},"author":8,"featured_media":9863,"comment_status":"open","ping_status":"open","sticky":false,"template":"","format":"standard","meta":[],"categories":[305],"tags":[30,51,153,170],"_links":{"self":[{"href":"https:\/\/op-team.com\/blog\/wp-json\/wp\/v2\/posts\/9861"}],"collection":[{"href":"https:\/\/op-team.com\/blog\/wp-json\/wp\/v2\/posts"}],"about":[{"href":"https:\/\/op-team.com\/blog\/wp-json\/wp\/v2\/types\/post"}],"author":[{"embeddable":true,"href":"https:\/\/op-team.com\/blog\/wp-json\/wp\/v2\/users\/8"}],"replies":[{"embeddable":true,"href":"https:\/\/op-team.com\/blog\/wp-json\/wp\/v2\/comments?post=9861"}],"version-history":[{"count":8,"href":"https:\/\/op-team.com\/blog\/wp-json\/wp\/v2\/posts\/9861\/revisions"}],"predecessor-version":[{"id":9874,"href":"https:\/\/op-team.com\/blog\/wp-json\/wp\/v2\/posts\/9861\/revisions\/9874"}],"wp:featuredmedia":[{"embeddable":true,"href":"https:\/\/op-team.com\/blog\/wp-json\/wp\/v2\/media\/9863"}],"wp:attachment":[{"href":"https:\/\/op-team.com\/blog\/wp-json\/wp\/v2\/media?parent=9861"}],"wp:term":[{"taxonomy":"category","embeddable":true,"href":"https:\/\/op-team.com\/blog\/wp-json\/wp\/v2\/categories?post=9861"},{"taxonomy":"post_tag","embeddable":true,"href":"https:\/\/op-team.com\/blog\/wp-json\/wp\/v2\/tags?post=9861"}],"curies":[{"name":"wp","href":"https:\/\/api.w.org\/{rel}","templated":true}]}}